{"id":6204,"date":"2023-03-23T17:40:03","date_gmt":"2023-03-23T16:40:03","guid":{"rendered":"https:\/\/www.cercle-credo.com\/aqpf-label-press-review\/"},"modified":"2023-03-30T11:40:20","modified_gmt":"2023-03-30T09:40:20","slug":"aqpf-label-press-review","status":"publish","type":"post","link":"https:\/\/www.cercle-credo.com\/en\/aqpf-label-press-review\/","title":{"rendered":"AQPF Label Press Review"},"content":{"rendered":"<p>Discover here an anthology of articles published following the launch of the Audit-Quality-Sustainability-Fiber label during the General States of the RIP in Deauville on March 21, 2023.<\/p>\n<p>La Tribune ( writed by Pierre Mani\u00e8re), March 21, 2023 : <a href=\"https:\/\/www.latribune.fr\/technos-medias\/telecoms\/telecoms-un-label-%20pour-garantir-la-qualite-du-deploiement-de-la-fibre-955982.html\">\u00ab T\u00e9l\u00e9coms : un label pour garantir la qualit\u00e9 du d\u00e9ploiement de la fibre \u00bb.<\/a><\/p>\n<p>Localtis-Banque des Territoires ( writed by Olivier Devillers), March 22, 2023 : <a href=\"https:\/\/www.banquedesterritoires.fr\/un-label-pour-renforcer-la-perennite-des-infrastructures-ftth\">\u00ab Un label pour renforcer la p\u00e9rennit\u00e9 des infrastructures FTTH \u00bb.<\/a><\/p>\n<p>NextINpact ( writed by S\u00e9bastien Gavois), March 22, 2023 : <a href=\"https:\/\/www.nextinpact.com\/lebrief\/71305\/un-label-aqpf-pour-entreprises-specialisees-dans-laudit-reseaux-ftth\">\u00ab Un label AQPF pour les entreprises sp\u00e9cialis\u00e9es dans l\u2019audit des r\u00e9seaux FTTH \u00bb. <\/a> <\/p>\n<p>AlloForfait ( writed by Geoffrey Thomassin), March 21, 2023 : <a href=\"https:\/\/alloforfait.fr\/internet\/news\/115534-audit-qualite-perennite-fibre-fibre-dote-premier-label-qualite.html\">\u00ab Audit Qualit\u00e9 P\u00e9rennit\u00e9 Fibre : la fibre se dote de son premier label de qualit\u00e9 \u00bb. <\/a> <\/p>\n<p>InfoDSI, March 21, 2023 : <a href=\"https:\/\/infodsi.com\/communiques-de-presse\/47346\/1ere-labellisation-des-entreprises-qui-auditent-linfrastructure-des-reseaux-ftth\">\u00ab 1\u00e8re labellisation des entreprises qui auditent l\u2019infrastructure des r\u00e9seaux FTTH \u00bb<\/a>.<\/p>\n<p>Maire.Info ( writed by Lucile Bonnin), March 22, 2023 : <a href=\"https:\/\/www.maire-info.com\/amenagement-numerique-du-territoire\/%C3%89tats-generaux-des-rip-les-acteurs-de-la-filiere-face-au-defi-de-raccorder-tous-les-foyers-fran%C3%A7ais--article-27334\">\u00ab \u00c9tats g\u00e9n\u00e9raux des Rip : les acteurs de la fili\u00e8re face au d\u00e9fi de raccorder tous les foyers fran\u00e7ais \u00bb. <\/a> <\/p>\n<p>&nbsp;<\/p>\n","protected":false},"excerpt":{"rendered":"<p>Discover here an anthology of articles published following the launch of the Audit-Quality-Sustainability-Fiber label during the General States of the RIP in Deauville on March 21, 2023. La Tribune ( writed by Pierre Mani\u00e8re), March 21, 2023 : \u00ab T\u00e9l\u00e9coms : un label pour garantir la qualit\u00e9 du d\u00e9ploiement de [&hellip;]<\/p>\n","protected":false},"author":230,"featured_media":6172,"comment_status":"open","ping_status":"open","sticky":false,"template":"","format":"standard","meta":[],"categories":[94],"tags":[],"_links":{"self":[{"href":"https:\/\/www.cercle-credo.com\/en\/wp-json\/wp\/v2\/posts\/6204"}],"collection":[{"href":"https:\/\/www.cercle-credo.com\/en\/wp-json\/wp\/v2\/posts"}],"about":[{"href":"https:\/\/www.cercle-credo.com\/en\/wp-json\/wp\/v2\/types\/post"}],"author":[{"embeddable":true,"href":"https:\/\/www.cercle-credo.com\/en\/wp-json\/wp\/v2\/users\/230"}],"replies":[{"embeddable":true,"href":"https:\/\/www.cercle-credo.com\/en\/wp-json\/wp\/v2\/comments?post=6204"}],"version-history":[{"count":1,"href":"https:\/\/www.cercle-credo.com\/en\/wp-json\/wp\/v2\/posts\/6204\/revisions"}],"predecessor-version":[{"id":6205,"href":"https:\/\/www.cercle-credo.com\/en\/wp-json\/wp\/v2\/posts\/6204\/revisions\/6205"}],"wp:featuredmedia":[{"embeddable":true,"href":"https:\/\/www.cercle-credo.com\/en\/wp-json\/wp\/v2\/media\/6172"}],"wp:attachment":[{"href":"https:\/\/www.cercle-credo.com\/en\/wp-json\/wp\/v2\/media?parent=6204"}],"wp:term":[{"taxonomy":"category","embeddable":true,"href":"https:\/\/www.cercle-credo.com\/en\/wp-json\/wp\/v2\/categories?post=6204"},{"taxonomy":"post_tag","embeddable":true,"href":"https:\/\/www.cercle-credo.com\/en\/wp-json\/wp\/v2\/tags?post=6204"}],"curies":[{"name":"wp","href":"https:\/\/api.w.org\/{rel}","templated":true}]}}