{"id":5800,"date":"2023-04-06T09:42:22","date_gmt":"2023-04-06T07:42:22","guid":{"rendered":"https:\/\/www.cercle-credo.com\/fiber-thursday-fibre-optics-what-impact-on-the-environment\/"},"modified":"2023-03-14T17:16:31","modified_gmt":"2023-03-14T16:16:31","slug":"fiber-thursday-fibre-optics-what-impact-on-the-environment","status":"publish","type":"post","link":"https:\/\/www.cercle-credo.com\/en\/fiber-thursday-fibre-optics-what-impact-on-the-environment\/","title":{"rendered":"Fiber Thursday: &#8220;Fibre optics: what impact on the environment?&#8221;"},"content":{"rendered":"<p><img class=\"aligncenter wp-image-5914\" src=\"https:\/\/www.cercle-credo.com\/wp-content\/uploads\/2023\/01\/bandeau-logo-credo-cdc-v3.png\" alt=\"\" width=\"550\" height=\"150\" srcset=\"https:\/\/www.cercle-credo.com\/wp-content\/uploads\/2023\/01\/bandeau-logo-credo-cdc-v3-200x54.png 200w, https:\/\/www.cercle-credo.com\/wp-content\/uploads\/2023\/01\/bandeau-logo-credo-cdc-v3-300x82.png 300w, https:\/\/www.cercle-credo.com\/wp-content\/uploads\/2023\/01\/bandeau-logo-credo-cdc-v3-400x109.png 400w, https:\/\/www.cercle-credo.com\/wp-content\/uploads\/2023\/01\/bandeau-logo-credo-cdc-v3-600x163.png 600w, https:\/\/www.cercle-credo.com\/wp-content\/uploads\/2023\/01\/bandeau-logo-credo-cdc-v3-768x209.png 768w, https:\/\/www.cercle-credo.com\/wp-content\/uploads\/2023\/01\/bandeau-logo-credo-cdc-v3-800x218.png 800w, https:\/\/www.cercle-credo.com\/wp-content\/uploads\/2023\/01\/bandeau-logo-credo-cdc-v3.png 1000w\" sizes=\"(max-width: 550px) 100vw, 550px\" \/> <img class=\" wp-image-5847 aligncenter\" src=\"https:\/\/www.cercle-credo.com\/wp-content\/uploads\/2023\/01\/JDF_Miniature_site.jpg\" alt=\"\" width=\"386\" height=\"271\" srcset=\"https:\/\/www.cercle-credo.com\/wp-content\/uploads\/2023\/01\/JDF_Miniature_site-200x140.jpg 200w, https:\/\/www.cercle-credo.com\/wp-content\/uploads\/2023\/01\/JDF_Miniature_site-300x211.jpg 300w, https:\/\/www.cercle-credo.com\/wp-content\/uploads\/2023\/01\/JDF_Miniature_site-400x281.jpg 400w, https:\/\/www.cercle-credo.com\/wp-content\/uploads\/2023\/01\/JDF_Miniature_site-600x421.jpg 600w, https:\/\/www.cercle-credo.com\/wp-content\/uploads\/2023\/01\/JDF_Miniature_site-768x539.jpg 768w, https:\/\/www.cercle-credo.com\/wp-content\/uploads\/2023\/01\/JDF_Miniature_site-800x562.jpg 800w, https:\/\/www.cercle-credo.com\/wp-content\/uploads\/2023\/01\/JDF_Miniature_site.jpg 897w\" sizes=\"(max-width: 386px) 100vw, 386px\" \/><\/p>\n<p style=\"text-align: center;\">CREDO Circle is organizing its next Fiber Thursday on April 6, 2023, from 2:15 p.m. to 5:30 p.m. (reception from 2 p.m.) in person at the Caisse des D\u00e9p\u00f4ts, Avenue Pierre Mend\u00e8s France, 75013 Paris or remotely.<\/p>\n<p style=\"text-align: center;\"><strong>&#8220;Optical fiber: what impact on the environment?&#8221;<\/strong><\/p>\n<p><em>Optical fiber is deployed at high speed. Its generalization will allow an increase in speeds and the development of new applications, including those based on Virtual Reality. What will be the impact on the environment? This is a complex subject that raises many questions. CREDO Circle invites you to take stock of this issue with experts in the field.<\/em><\/p>\n<p style=\"text-align: center;\">INTRODUCTORY REMARKS<br \/>\n<strong>Patrick Chaize<\/strong>, President of Avicca<\/p>\n<p style=\"text-align: center;\">_____<\/p>\n<p style=\"text-align: center;\">ROUND TABLE N\u00b01<br \/>\n<strong>Impacts of fiber optic development on the environment: <\/strong><br \/>\n<strong>how to identify them?<\/strong><\/p>\n<p style=\"text-align: center;\"><u>With the intervention of<\/u> :<br \/>\n<strong>Sofia Benqassem<\/strong>, Business Engineer at APL<br \/>\n<strong>Michel Combot<\/strong>, Managing Director FFT<br \/>\n<strong>Hugues Ferreboeuf<\/strong>, Shift Project Director<br \/>\n<strong>Charles Joudon-Watteau<\/strong>, ARCEP project manager<\/p>\n<p style=\"text-align: center;\">_____<\/p>\n<p style=\"text-align: center;\">ROUND TABLE N\u00b02<br \/>\n<strong>What solutions to reduce the impact of digital technology on the environment?<\/strong><\/p>\n<p style=\"text-align: center;\"><u>With the intervention of<\/u> :<\/p>\n<p style=\"text-align: center;\"><strong>Kevin Lengl\u00e9<\/strong>, Country Marketing Manager ACOME<br \/>\n<strong>Benjamin Collomb<\/strong>, Project Manager OT Engineering<\/p>\n<p style=\"text-align: center;\"><div class=\"fusion-aligncenter\"><a class=\"fusion-button button-flat button-large button-default fusion-button-default button-1 fusion-button-span-no fusion-button-default-type\" target=\"_blank\" rel=\"noopener noreferrer\" href=\"https:\/\/www.eventbrite.fr\/e\/billets-fibre-optique-quels-impact-sur-lenvironnement-519707568327\"><span class=\"fusion-button-text\">REGISTER<\/span><\/a><\/div><\/p>\n","protected":false},"excerpt":{"rendered":"<p>Optical fiber is deployed at high speed. Its generalization will allow an increase in speeds and the development of new applications, including those based on Virtual Reality. What will be the impact on the environment? This is a complex subject that raises many questions. CREDO Circle invites you to take stock of this issue with experts in the field.<\/p>\n","protected":false},"author":230,"featured_media":5847,"comment_status":"open","ping_status":"open","sticky":false,"template":"","format":"standard","meta":[],"categories":[75,85,75],"tags":[],"_links":{"self":[{"href":"https:\/\/www.cercle-credo.com\/en\/wp-json\/wp\/v2\/posts\/5800"}],"collection":[{"href":"https:\/\/www.cercle-credo.com\/en\/wp-json\/wp\/v2\/posts"}],"about":[{"href":"https:\/\/www.cercle-credo.com\/en\/wp-json\/wp\/v2\/types\/post"}],"author":[{"embeddable":true,"href":"https:\/\/www.cercle-credo.com\/en\/wp-json\/wp\/v2\/users\/230"}],"replies":[{"embeddable":true,"href":"https:\/\/www.cercle-credo.com\/en\/wp-json\/wp\/v2\/comments?post=5800"}],"version-history":[{"count":6,"href":"https:\/\/www.cercle-credo.com\/en\/wp-json\/wp\/v2\/posts\/5800\/revisions"}],"predecessor-version":[{"id":6026,"href":"https:\/\/www.cercle-credo.com\/en\/wp-json\/wp\/v2\/posts\/5800\/revisions\/6026"}],"wp:featuredmedia":[{"embeddable":true,"href":"https:\/\/www.cercle-credo.com\/en\/wp-json\/wp\/v2\/media\/5847"}],"wp:attachment":[{"href":"https:\/\/www.cercle-credo.com\/en\/wp-json\/wp\/v2\/media?parent=5800"}],"wp:term":[{"taxonomy":"category","embeddable":true,"href":"https:\/\/www.cercle-credo.com\/en\/wp-json\/wp\/v2\/categories?post=5800"},{"taxonomy":"post_tag","embeddable":true,"href":"https:\/\/www.cercle-credo.com\/en\/wp-json\/wp\/v2\/tags?post=5800"}],"curies":[{"name":"wp","href":"https:\/\/api.w.org\/{rel}","templated":true}]}}